{"id":330,"date":"2024-09-09T22:34:28","date_gmt":"2024-09-09T20:34:28","guid":{"rendered":"https:\/\/grenfestival.com\/?p=330"},"modified":"2024-09-09T23:55:55","modified_gmt":"2024-09-09T21:55:55","slug":"la-programmation-du-gren-fest-15-est-la","status":"publish","type":"post","link":"https:\/\/grenfestival.com\/index.php\/2024\/09\/09\/la-programmation-du-gren-fest-15-est-la\/","title":{"rendered":"La programmation du GrEn Fest #15 est l\u00e0 !!!!"},"content":{"rendered":"\n<figure class=\"wp-block-gallery has-nested-images columns-default is-cropped wp-block-gallery-1 is-layout-flex wp-block-gallery-is-layout-flex\">\n<figure class=\"wp-block-image size-large\"><a href=\"https:\/\/grenfestival.com\/index.php\/adrien-louise-petit-magie-hypnose\/\"><img loading=\"lazy\" decoding=\"async\" width=\"683\" height=\"1024\" data-id=\"344\" src=\"https:\/\/grenfestival.com\/wp-content\/uploads\/2024\/09\/DSC00010x-683x1024.jpg\" alt=\"Louise Petit\" class=\"wp-image-344\" srcset=\"https:\/\/grenfestival.com\/wp-content\/uploads\/2024\/09\/DSC00010x-683x1024.jpg 683w, https:\/\/grenfestival.com\/wp-content\/uploads\/2024\/09\/DSC00010x-200x300.jpg 200w, https:\/\/grenfestival.com\/wp-content\/uploads\/2024\/09\/DSC00010x-768x1152.jpg 768w, https:\/\/grenfestival.com\/wp-content\/uploads\/2024\/09\/DSC00010x-1024x1536.jpg 1024w, https:\/\/grenfestival.com\/wp-content\/uploads\/2024\/09\/DSC00010x-1365x2048.jpg 1365w, https:\/\/grenfestival.com\/wp-content\/uploads\/2024\/09\/DSC00010x-scaled.jpg 1707w\" sizes=\"auto, (max-width: 683px) 100vw, 683px\" \/><\/a><\/figure>\n\n\n\n<figure class=\"wp-block-image size-large\"><a href=\"https:\/\/grenfestival.com\/index.php\/nath-and-boyfriends\/\"><img loading=\"lazy\" decoding=\"async\" width=\"1024\" height=\"683\" data-id=\"282\" src=\"https:\/\/grenfestival.com\/wp-content\/uploads\/2024\/08\/nath-1024x683.jpg\" alt=\"\" class=\"wp-image-282\" srcset=\"https:\/\/grenfestival.com\/wp-content\/uploads\/2024\/08\/nath-1024x683.jpg 1024w, https:\/\/grenfestival.com\/wp-content\/uploads\/2024\/08\/nath-300x200.jpg 300w, https:\/\/grenfestival.com\/wp-content\/uploads\/2024\/08\/nath-768x512.jpg 768w, https:\/\/grenfestival.com\/wp-content\/uploads\/2024\/08\/nath-1536x1024.jpg 1536w, https:\/\/grenfestival.com\/wp-content\/uploads\/2024\/08\/nath.jpg 2048w\" sizes=\"auto, (max-width: 767px) 89vw, (max-width: 1000px) 54vw, (max-width: 1071px) 543px, 580px\" \/><\/a><\/figure>\n<\/figure>\n\n\n\n<figure class=\"wp-block-image size-large\"><a href=\"https:\/\/grenfestival.com\/index.php\/sidi-wacho\/\"><img loading=\"lazy\" decoding=\"async\" width=\"1024\" height=\"753\" src=\"http:\/\/grenfestival.com\/wp-content\/uploads\/2024\/08\/Sidi-wacho-le-groupe-1024x753.jpg\" alt=\"\" class=\"wp-image-254\" srcset=\"https:\/\/grenfestival.com\/wp-content\/uploads\/2024\/08\/Sidi-wacho-le-groupe-1024x753.jpg 1024w, https:\/\/grenfestival.com\/wp-content\/uploads\/2024\/08\/Sidi-wacho-le-groupe-300x221.jpg 300w, https:\/\/grenfestival.com\/wp-content\/uploads\/2024\/08\/Sidi-wacho-le-groupe-768x565.jpg 768w, https:\/\/grenfestival.com\/wp-content\/uploads\/2024\/08\/Sidi-wacho-le-groupe-1536x1130.jpg 1536w, https:\/\/grenfestival.com\/wp-content\/uploads\/2024\/08\/Sidi-wacho-le-groupe-2048x1506.jpg 2048w\" sizes=\"auto, (max-width: 767px) 89vw, (max-width: 1000px) 54vw, (max-width: 1071px) 543px, 580px\" \/><\/a><\/figure>\n\n\n\n<p>Pour cette date anniversaire, les organisateurs du Festival Izellois, ont une fois de plus mijot\u00e9 une programmation aux p&rsquo;tits oignons. <\/p>\n\n\n\n<p>Pour le vendredi 18 octobre 2024, les festivaliers pourront profiter d&rsquo;un spectacle m\u00ealant Stand up et Hypnose. Des sketchs, de l&rsquo;humour, et des gens qui dorment sur sc\u00e8ne !!!!<\/p>\n\n\n\n<p>Laissez vous surprendre par l&rsquo;incroyable spectacle de <a href=\"https:\/\/grenfestival.com\/index.php\/adrien-louise-petit-magie-hypnose\/\" data-type=\"page\" data-id=\"264\">Louise <\/a>: <a href=\"https:\/\/grenfestival.com\/index.php\/still-live\/\" data-type=\"page\" data-id=\"266\">Still Live <\/a>et Dj weers termineront la soir\u00e9e pour ceux qui ont des fourmis dans les jambes et qui souhaitent profiter de l&rsquo;ambiance dansante du GrEn Fest !<\/p>\n\n\n\n<p>Samedi 19 octobre 2024, d\u00e8s 10h, le festival reprendra du service pour un march\u00e9 artisanal. Petits et grands pourront profiter toute la journ\u00e9e de la restauration sucr\u00e9e sal\u00e9e de la <a href=\"https:\/\/grenfestival.com\/index.php\/la-popotte-du-gren-2\/\" data-type=\"page\" data-id=\"54\">Popotte du GrEn<\/a>! Des animations sportives et culturelles gratuites d\u00e8s 14h le tout ambianc\u00e9 par du bon son !<\/p>\n\n\n\n<p>Samedi soir, place aux concerts avec <a href=\"https:\/\/grenfestival.com\/index.php\/nath-and-boyfriends\/\" data-type=\"page\" data-id=\"280\">Nath and Boyfriends<\/a>, <a href=\"https:\/\/grenfestival.com\/index.php\/lily-le-groupe\/\" data-type=\"page\" data-id=\"271\">Lily le Groupe<\/a> et enfin, le Hip-Hop cumbia de <a href=\"https:\/\/grenfestival.com\/index.php\/sidi-wacho\/\" data-type=\"page\" data-id=\"251\">Sidi Wacho<\/a>, viandra r\u00e9chauffer les coeurs au son des cuivres et de l&rsquo;accord\u00e9on !<\/p>\n\n\n\n<p>Ne manquez pas cette date anniversaire. Tu peux manquer un GrEn, mais pas l&rsquo;15 !!!<\/p>\n\n\n\n<p><\/p>\n\n\n\n<p><a href=\"https:\/\/grenfestival.com\/index.php\/billetterie\/\" data-type=\"page\" data-id=\"259\">R\u00e9servez vos places en pr\u00e9vente<\/a> (10 \u20ac la soir\u00e9e ou 17\u20ac le pass 2 jours (en pr\u00e9vente uniquement) &#8211; 12 \u20ac par soir sur place.<\/p>\n\n\n\n<div class=\"wp-block-buttons is-content-justification-center is-layout-flex wp-container-core-buttons-is-layout-16018d1d wp-block-buttons-is-layout-flex\">\n<div class=\"wp-block-button\"><a class=\"wp-block-button__link has-text-align-center wp-element-button\" href=\"https:\/\/grenfestival.com\/index.php\/billetterie\/\">R\u00e9servez vos places<\/a><\/div>\n<\/div>\n\n\n\n<figure class=\"wp-block-gallery has-nested-images columns-default is-cropped wp-block-gallery-2 is-layout-flex wp-block-gallery-is-layout-flex\">\n<figure class=\"wp-block-image size-large\"><a href=\"https:\/\/grenfestival.com\/index.php\/adrien-louise-petit-magie-hypnose\/\"><img loading=\"lazy\" decoding=\"async\" width=\"1024\" height=\"683\" data-id=\"345\" src=\"http:\/\/grenfestival.com\/wp-content\/uploads\/2024\/09\/DSC00095x-1024x683.jpg\" alt=\"\" class=\"wp-image-345\" srcset=\"https:\/\/grenfestival.com\/wp-content\/uploads\/2024\/09\/DSC00095x-1024x683.jpg 1024w, https:\/\/grenfestival.com\/wp-content\/uploads\/2024\/09\/DSC00095x-300x200.jpg 300w, https:\/\/grenfestival.com\/wp-content\/uploads\/2024\/09\/DSC00095x-768x512.jpg 768w, https:\/\/grenfestival.com\/wp-content\/uploads\/2024\/09\/DSC00095x-1536x1024.jpg 1536w, https:\/\/grenfestival.com\/wp-content\/uploads\/2024\/09\/DSC00095x-2048x1365.jpg 2048w\" sizes=\"auto, (max-width: 767px) 89vw, (max-width: 1000px) 54vw, (max-width: 1071px) 543px, 580px\" \/><\/a><\/figure>\n<\/figure>\n\n\n\n<figure class=\"wp-block-gallery has-nested-images columns-default is-cropped wp-block-gallery-3 is-layout-flex wp-block-gallery-is-layout-flex\">\n<figure class=\"wp-block-image size-large\"><img loading=\"lazy\" decoding=\"async\" width=\"683\" height=\"1024\" data-id=\"352\" src=\"http:\/\/grenfestival.com\/wp-content\/uploads\/2024\/09\/IMG_1356-683x1024.jpg\" alt=\"\" class=\"wp-image-352\" srcset=\"https:\/\/grenfestival.com\/wp-content\/uploads\/2024\/09\/IMG_1356-683x1024.jpg 683w, https:\/\/grenfestival.com\/wp-content\/uploads\/2024\/09\/IMG_1356-200x300.jpg 200w, https:\/\/grenfestival.com\/wp-content\/uploads\/2024\/09\/IMG_1356-768x1152.jpg 768w, https:\/\/grenfestival.com\/wp-content\/uploads\/2024\/09\/IMG_1356-1024x1536.jpg 1024w, https:\/\/grenfestival.com\/wp-content\/uploads\/2024\/09\/IMG_1356-1365x2048.jpg 1365w, https:\/\/grenfestival.com\/wp-content\/uploads\/2024\/09\/IMG_1356-scaled.jpg 1707w\" sizes=\"auto, (max-width: 683px) 100vw, 683px\" \/><\/figure>\n\n\n\n<figure class=\"wp-block-image size-large\"><a href=\"https:\/\/grenfestival.com\/index.php\/sidi-wacho\/\"><img loading=\"lazy\" decoding=\"async\" width=\"1024\" height=\"632\" data-id=\"253\" src=\"https:\/\/grenfestival.com\/wp-content\/uploads\/2024\/08\/Sidi-wacho-le-groupe-trompette-accordeon-batterie-1024x632.jpg\" alt=\"\" class=\"wp-image-253\" srcset=\"https:\/\/grenfestival.com\/wp-content\/uploads\/2024\/08\/Sidi-wacho-le-groupe-trompette-accordeon-batterie-1024x632.jpg 1024w, https:\/\/grenfestival.com\/wp-content\/uploads\/2024\/08\/Sidi-wacho-le-groupe-trompette-accordeon-batterie-300x185.jpg 300w, https:\/\/grenfestival.com\/wp-content\/uploads\/2024\/08\/Sidi-wacho-le-groupe-trompette-accordeon-batterie-768x474.jpg 768w, https:\/\/grenfestival.com\/wp-content\/uploads\/2024\/08\/Sidi-wacho-le-groupe-trompette-accordeon-batterie-1536x947.jpg 1536w, https:\/\/grenfestival.com\/wp-content\/uploads\/2024\/08\/Sidi-wacho-le-groupe-trompette-accordeon-batterie-2048x1263.jpg 2048w\" sizes=\"auto, (max-width: 767px) 89vw, (max-width: 1000px) 54vw, (max-width: 1071px) 543px, 580px\" \/><\/a><\/figure>\n<\/figure>\n\n\n\n<figure class=\"wp-block-image size-full\"><a href=\"https:\/\/grenfestival.com\/index.php\/lily-le-groupe\/\"><img loading=\"lazy\" decoding=\"async\" width=\"960\" height=\"386\" src=\"http:\/\/grenfestival.com\/wp-content\/uploads\/2024\/08\/lily-le-groupe-1.jpg\" alt=\"\" class=\"wp-image-273\" srcset=\"https:\/\/grenfestival.com\/wp-content\/uploads\/2024\/08\/lily-le-groupe-1.jpg 960w, https:\/\/grenfestival.com\/wp-content\/uploads\/2024\/08\/lily-le-groupe-1-300x121.jpg 300w, https:\/\/grenfestival.com\/wp-content\/uploads\/2024\/08\/lily-le-groupe-1-768x309.jpg 768w\" sizes=\"auto, (max-width: 767px) 89vw, (max-width: 1000px) 54vw, (max-width: 1071px) 543px, 580px\" \/><\/a><\/figure>\n\n\n\n<figure class=\"wp-block-image size-full\"><img loading=\"lazy\" decoding=\"async\" width=\"621\" height=\"875\" src=\"http:\/\/grenfestival.com\/wp-content\/uploads\/2024\/09\/charte-gren-fest-2024-pour-reseau-sociaux_Plan-de-travail-1.jpg\" alt=\"\" class=\"wp-image-287\" srcset=\"https:\/\/grenfestival.com\/wp-content\/uploads\/2024\/09\/charte-gren-fest-2024-pour-reseau-sociaux_Plan-de-travail-1.jpg 621w, https:\/\/grenfestival.com\/wp-content\/uploads\/2024\/09\/charte-gren-fest-2024-pour-reseau-sociaux_Plan-de-travail-1-213x300.jpg 213w\" sizes=\"auto, (max-width: 621px) 100vw, 621px\" \/><\/figure>\n","protected":false},"excerpt":{"rendered":"<p>Pour cette date anniversaire, les organisateurs du Festival Izellois, ont une fois de plus mijot\u00e9 une programmation aux p&rsquo;tits oignons. Pour le vendredi 18 octobre 2024, les festivaliers pourront profiter d&rsquo;un spectacle m\u00ealant Stand up et Hypnose. Des sketchs, de l&rsquo;humour, et des gens qui dorment sur sc\u00e8ne !!!! Laissez vous surprendre par l&rsquo;incroyable spectacle &hellip; <\/p>\n<p class=\"link-more\"><a href=\"https:\/\/grenfestival.com\/index.php\/2024\/09\/09\/la-programmation-du-gren-fest-15-est-la\/\" class=\"more-link\">Continuer la lecture<span class=\"screen-reader-text\"> de &laquo;&nbsp;La programmation du GrEn Fest #15 est l\u00e0 !!!!&nbsp;&raquo;<\/span><\/a><\/p>\n","protected":false},"author":1,"featured_media":284,"comment_status":"open","ping_status":"open","sticky":false,"template":"","format":"standard","meta":{"footnotes":""},"categories":[1],"tags":[],"class_list":["post-330","post","type-post","status-publish","format-standard","has-post-thumbnail","hentry","category-non-classe"],"_links":{"self":[{"href":"https:\/\/grenfestival.com\/index.php\/wp-json\/wp\/v2\/posts\/330","targetHints":{"allow":["GET"]}}],"collection":[{"href":"https:\/\/grenfestival.com\/index.php\/wp-json\/wp\/v2\/posts"}],"about":[{"href":"https:\/\/grenfestival.com\/index.php\/wp-json\/wp\/v2\/types\/post"}],"author":[{"embeddable":true,"href":"https:\/\/grenfestival.com\/index.php\/wp-json\/wp\/v2\/users\/1"}],"replies":[{"embeddable":true,"href":"https:\/\/grenfestival.com\/index.php\/wp-json\/wp\/v2\/comments?post=330"}],"version-history":[{"count":7,"href":"https:\/\/grenfestival.com\/index.php\/wp-json\/wp\/v2\/posts\/330\/revisions"}],"predecessor-version":[{"id":360,"href":"https:\/\/grenfestival.com\/index.php\/wp-json\/wp\/v2\/posts\/330\/revisions\/360"}],"wp:featuredmedia":[{"embeddable":true,"href":"https:\/\/grenfestival.com\/index.php\/wp-json\/wp\/v2\/media\/284"}],"wp:attachment":[{"href":"https:\/\/grenfestival.com\/index.php\/wp-json\/wp\/v2\/media?parent=330"}],"wp:term":[{"taxonomy":"category","embeddable":true,"href":"https:\/\/grenfestival.com\/index.php\/wp-json\/wp\/v2\/categories?post=330"},{"taxonomy":"post_tag","embeddable":true,"href":"https:\/\/grenfestival.com\/index.php\/wp-json\/wp\/v2\/tags?post=330"}],"curies":[{"name":"wp","href":"https:\/\/api.w.org\/{rel}","templated":true}]}}