{"id":170,"date":"2024-07-22T13:54:47","date_gmt":"2024-07-22T11:54:47","guid":{"rendered":"https:\/\/grenfestival.com\/?p=170"},"modified":"2024-07-25T12:20:32","modified_gmt":"2024-07-25T10:20:32","slug":"la-programmation-du-gren-fest15","status":"publish","type":"post","link":"https:\/\/grenfestival.com\/index.php\/2024\/07\/22\/la-programmation-du-gren-fest15\/","title":{"rendered":"La programmation du Gren Fest#15"},"content":{"rendered":"\n<p>Retrouvez prochainement la programmation du GrEn Fest#15<\/p>\n\n\n\n<p>L&rsquo;organisation du festival izellois vous pr\u00e9pare une nouvelle \u00e9dition. Et pour cet anniversaire, la f\u00eate s&rsquo;annonce toujours aussi bonne ! Rdv le 18 &amp; 19 octobre 2024!<\/p>\n\n\n\n<figure class=\"wp-block-gallery has-nested-images columns-default is-cropped wp-block-gallery-1 is-layout-flex wp-block-gallery-is-layout-flex\">\n<figure class=\"wp-block-image size-large\"><img loading=\"lazy\" decoding=\"async\" width=\"1024\" height=\"683\" data-id=\"44\" src=\"https:\/\/grenfestival.com\/wp-content\/uploads\/2024\/07\/GrenFest-10-Mon-C\u00a6t\u00ae-Punk-19-1024x683.jpg\" alt=\"\" class=\"wp-image-44\" srcset=\"https:\/\/grenfestival.com\/wp-content\/uploads\/2024\/07\/GrenFest-10-Mon-C\u00a6t\u00ae-Punk-19-1024x683.jpg 1024w, https:\/\/grenfestival.com\/wp-content\/uploads\/2024\/07\/GrenFest-10-Mon-C\u00a6t\u00ae-Punk-19-300x200.jpg 300w, https:\/\/grenfestival.com\/wp-content\/uploads\/2024\/07\/GrenFest-10-Mon-C\u00a6t\u00ae-Punk-19-768x512.jpg 768w, https:\/\/grenfestival.com\/wp-content\/uploads\/2024\/07\/GrenFest-10-Mon-C\u00a6t\u00ae-Punk-19-1536x1024.jpg 1536w, https:\/\/grenfestival.com\/wp-content\/uploads\/2024\/07\/GrenFest-10-Mon-C\u00a6t\u00ae-Punk-19-2048x1365.jpg 2048w\" sizes=\"auto, (max-width: 767px) 89vw, (max-width: 1000px) 54vw, (max-width: 1071px) 543px, 580px\" \/><\/figure>\n<\/figure>\n","protected":false},"excerpt":{"rendered":"<p>Retrouvez prochainement la programmation du GrEn Fest#15 L&rsquo;organisation du festival izellois vous pr\u00e9pare une nouvelle \u00e9dition. Et pour cet anniversaire, la f\u00eate s&rsquo;annonce toujours aussi bonne ! Rdv le 18 &amp; 19 octobre 2024!<\/p>\n","protected":false},"author":1,"featured_media":0,"comment_status":"open","ping_status":"open","sticky":false,"template":"","format":"standard","meta":{"footnotes":""},"categories":[1],"tags":[],"class_list":["post-170","post","type-post","status-publish","format-standard","hentry","category-non-classe"],"_links":{"self":[{"href":"https:\/\/grenfestival.com\/index.php\/wp-json\/wp\/v2\/posts\/170","targetHints":{"allow":["GET"]}}],"collection":[{"href":"https:\/\/grenfestival.com\/index.php\/wp-json\/wp\/v2\/posts"}],"about":[{"href":"https:\/\/grenfestival.com\/index.php\/wp-json\/wp\/v2\/types\/post"}],"author":[{"embeddable":true,"href":"https:\/\/grenfestival.com\/index.php\/wp-json\/wp\/v2\/users\/1"}],"replies":[{"embeddable":true,"href":"https:\/\/grenfestival.com\/index.php\/wp-json\/wp\/v2\/comments?post=170"}],"version-history":[{"count":3,"href":"https:\/\/grenfestival.com\/index.php\/wp-json\/wp\/v2\/posts\/170\/revisions"}],"predecessor-version":[{"id":242,"href":"https:\/\/grenfestival.com\/index.php\/wp-json\/wp\/v2\/posts\/170\/revisions\/242"}],"wp:attachment":[{"href":"https:\/\/grenfestival.com\/index.php\/wp-json\/wp\/v2\/media?parent=170"}],"wp:term":[{"taxonomy":"category","embeddable":true,"href":"https:\/\/grenfestival.com\/index.php\/wp-json\/wp\/v2\/categories?post=170"},{"taxonomy":"post_tag","embeddable":true,"href":"https:\/\/grenfestival.com\/index.php\/wp-json\/wp\/v2\/tags?post=170"}],"curies":[{"name":"wp","href":"https:\/\/api.w.org\/{rel}","templated":true}]}}